{"id":1267,"date":"2021-08-04T13:42:17","date_gmt":"2021-08-04T13:42:17","guid":{"rendered":"https:\/\/www.universitebiencommun.org\/?p=1267"},"modified":"2021-08-04T13:42:25","modified_gmt":"2021-08-04T13:42:25","slug":"samedi-25-septembre-2021-de-15h-a-19h-mondes-paysans-marchandisation-du-vivant-et-resistances-vers-une-autonomie-paysanne-et-alimentaire","status":"publish","type":"post","link":"https:\/\/www.universitebiencommun.org\/?p=1267","title":{"rendered":"Samedi 25 septembre 2021 de 15h \u00e0 19h \/ Mondes paysans, marchandisation du vivant et r\u00e9sistances : Vers une autonomie paysanne et alimentaire ?"},"content":{"rendered":"\n<p>Espace associatif et culturel du Campus Condorcet \u00e0 Aubervilliers (M\u00e9tro Front populaire &#8211; Ligne 12)<\/p>\n\n\n\n<p>Session initi\u00e9e et coordonn\u00e9e par Sciences Critiques dans le cadre des ateliers et d\u00e9bats de l\u2019Universit\u00e9 du Bien commun \u00e0 Paris, autour du livre-manifeste de l\u2019Atelier Paysan : Reprendre la terre aux machines (Editions de Seuil, Collection Anthropoc\u00e8ne, mai 2021)<\/p>\n\n\n\n<p>Inscription :<br>Framaforms UBC Paris fin ao\u00fbt\/d\u00e9but septembre 2021<\/p>\n\n\n\n<p>Le mod\u00e8le agricole productiviste favorise l\u2019utilisation de machines surpuissantes et high-tech, qui rendent l\u2019agriculteur d\u00e9pendant de l\u2019ing\u00e9nieur, des pouvoirs financiers, de l\u2019expansion num\u00e9rique. Ces pratiques ont \u00e9galement un impact sur les milieux naturels, les communaut\u00e9s paysannes, l\u2019am\u00e9nagement du territoire, l\u2019emploi rural, la sant\u00e9, l\u2019offre alimentaire. \u00ab En somme, la logique \u00ab techniciste \u00bb et industrielle en agriculture affecte toute la soci\u00e9t\u00e9 \u00bb. Comme l\u2019expose la coop\u00e9rative l\u2019Atelier Paysan, \u00ab l\u2019escalade technologique permanente, rarement per\u00e7ue comme un facteur d\u00e9cisif, assure la poursuite du mouvement de d\u00e9possession et d\u2019\u00e9limination des agriculteurs \u00bb. Mouvement global contre lequel se forment et se r\u00e9inventent des r\u00e9sistances.<br>&#8212;<br>Rencontres-d\u00e9bats autour de l&rsquo;essai politique de l&rsquo;Atelier Paysan \u00ab\u00a0Reprendre la terre aux machines, manifeste pour une autonomie paysanne et alimentaire\u00a0\u00bb&nbsp; et de l&rsquo;ouvrage \u00ab\u00a0La croissance verte contre la nature, critique de l&rsquo;\u00e9cologie marchande\u00a0\u00bb de l&rsquo;\u00e9conomiste H\u00e9l\u00e8ne Tordjman.<\/p>\n\n\n\n<p>En pr\u00e9sence de trois soci\u00e9taires de l&rsquo;Atelier Paysan (Emmanuel Aze, arboriculteur dans le Lot-et-Garonne \/ Conf\u00e9d\u00e9ration Paysanne \u2013 Florian Marteau, paysan\/meunier\/boulanger dans le Morbihan\u2013 Nicolas Decome, membre du comit\u00e9 d\u2019\u00e9criture dans les Bouches-du-Rh\u00f4ne \/ Technologos) et de l&rsquo;\u00e9conomiste H\u00e9l\u00e8ne Tordjman.<\/p>\n\n\n\n<p>Avec des collectifs franciliens: en pr\u00e9sence de Bernard Loup, pr\u00e9sident du CPTG (Collectif pour le Triangle de Gonesse)-&gt;&nbsp;<a href=\"https:\/\/ouiauxterresdegonesse.fr\/\" rel=\"noreferrer noopener\" target=\"_blank\">https:\/\/ouiauxterresdegonesse.fr\/<\/a>&nbsp;et un membre du Collectif des Jardins des Vertus d&rsquo;Aubervilliers (sous r\u00e9serve)<\/p>\n","protected":false},"excerpt":{"rendered":"<p>Espace associatif et culturel du Campus Condorcet \u00e0 Aubervilliers (M\u00e9tro Front populaire &#8211; Ligne 12) Session initi\u00e9e et coordonn\u00e9e par Sciences Critiques dans le cadre des ateliers et d\u00e9bats de l\u2019Universit\u00e9 du Bien commun \u00e0 Paris, autour du livre-manifeste de l\u2019Atelier Paysan : Reprendre la terre aux machines (Editions de Seuil, Collection Anthropoc\u00e8ne, mai 2021) &hellip; <\/p>\n<p class=\"link-more\"><a href=\"https:\/\/www.universitebiencommun.org\/?p=1267\" class=\"more-link\">Continuer la lecture<span class=\"screen-reader-text\"> de &laquo;&nbsp;Samedi 25 septembre 2021 de 15h \u00e0 19h \/ Mondes paysans, marchandisation du vivant et r\u00e9sistances : Vers une autonomie paysanne et alimentaire ?&nbsp;&raquo;<\/span><\/a><\/p>\n","protected":false},"author":1,"featured_media":0,"comment_status":"closed","ping_status":"open","sticky":false,"template":"","format":"standard","meta":{"_mo_disable_npp":""},"categories":[1],"tags":[],"yoast_head":"<!-- This site is optimized with the Yoast SEO plugin v17.7.1 - https:\/\/yoast.com\/wordpress\/plugins\/seo\/ -->\n<title>Samedi 25 septembre 2021 de 15h \u00e0 19h \/ Mondes paysans, marchandisation du vivant et r\u00e9sistances : Vers une autonomie paysanne et alimentaire ? -<\/title>\n<meta name=\"robots\" content=\"index, follow, max-snippet:-1, max-image-preview:large, max-video-preview:-1\" \/>\n<link rel=\"canonical\" href=\"https:\/\/www.universitebiencommun.org\/?p=1267\" \/>\n<meta property=\"og:locale\" content=\"fr_FR\" \/>\n<meta property=\"og:type\" content=\"article\" \/>\n<meta property=\"og:title\" content=\"Samedi 25 septembre 2021 de 15h \u00e0 19h \/ Mondes paysans, marchandisation du vivant et r\u00e9sistances : Vers une autonomie paysanne et alimentaire ? -\" \/>\n<meta property=\"og:description\" content=\"Espace associatif et culturel du Campus Condorcet \u00e0 Aubervilliers (M\u00e9tro Front populaire &#8211; Ligne 12) Session initi\u00e9e et coordonn\u00e9e par Sciences Critiques dans le cadre des ateliers et d\u00e9bats de l\u2019Universit\u00e9 du Bien commun \u00e0 Paris, autour du livre-manifeste de l\u2019Atelier Paysan : Reprendre la terre aux machines (Editions de Seuil, Collection Anthropoc\u00e8ne, mai 2021) &hellip; Continuer la lecture de &laquo;&nbsp;Samedi 25 septembre 2021 de 15h \u00e0 19h \/ Mondes paysans, marchandisation du vivant et r\u00e9sistances : Vers une autonomie paysanne et alimentaire ?&nbsp;&raquo;\" \/>\n<meta property=\"og:url\" content=\"https:\/\/www.universitebiencommun.org\/?p=1267\" \/>\n<meta property=\"article:published_time\" content=\"2021-08-04T13:42:17+00:00\" \/>\n<meta property=\"article:modified_time\" content=\"2021-08-04T13:42:25+00:00\" \/>\n<meta name=\"twitter:card\" content=\"summary_large_image\" \/>\n<meta name=\"twitter:label1\" content=\"\u00c9crit par\" \/>\n\t<meta name=\"twitter:data1\" content=\"admin\" \/>\n\t<meta name=\"twitter:label2\" content=\"Dur\u00e9e de lecture estim\u00e9e\" \/>\n\t<meta name=\"twitter:data2\" content=\"2 minutes\" \/>\n<script type=\"application\/ld+json\" class=\"yoast-schema-graph\">{\"@context\":\"https:\/\/schema.org\",\"@graph\":[{\"@type\":\"WebSite\",\"@id\":\"https:\/\/www.universitebiencommun.org\/#website\",\"url\":\"https:\/\/www.universitebiencommun.org\/\",\"name\":\"\",\"description\":\"\",\"potentialAction\":[{\"@type\":\"SearchAction\",\"target\":{\"@type\":\"EntryPoint\",\"urlTemplate\":\"https:\/\/www.universitebiencommun.org\/?s={search_term_string}\"},\"query-input\":\"required name=search_term_string\"}],\"inLanguage\":\"fr-FR\"},{\"@type\":\"WebPage\",\"@id\":\"https:\/\/www.universitebiencommun.org\/?p=1267#webpage\",\"url\":\"https:\/\/www.universitebiencommun.org\/?p=1267\",\"name\":\"Samedi 25 septembre 2021 de 15h \\u00e0 19h \/ Mondes paysans, marchandisation du vivant et r\\u00e9sistances : Vers une autonomie paysanne et alimentaire ? -\",\"isPartOf\":{\"@id\":\"https:\/\/www.universitebiencommun.org\/#website\"},\"datePublished\":\"2021-08-04T13:42:17+00:00\",\"dateModified\":\"2021-08-04T13:42:25+00:00\",\"author\":{\"@id\":\"https:\/\/www.universitebiencommun.org\/#\/schema\/person\/dfde888edb2141ab622a85ec8fe75287\"},\"breadcrumb\":{\"@id\":\"https:\/\/www.universitebiencommun.org\/?p=1267#breadcrumb\"},\"inLanguage\":\"fr-FR\",\"potentialAction\":[{\"@type\":\"ReadAction\",\"target\":[\"https:\/\/www.universitebiencommun.org\/?p=1267\"]}]},{\"@type\":\"BreadcrumbList\",\"@id\":\"https:\/\/www.universitebiencommun.org\/?p=1267#breadcrumb\",\"itemListElement\":[{\"@type\":\"ListItem\",\"position\":1,\"name\":\"Accueil\",\"item\":\"https:\/\/www.universitebiencommun.org\/\"},{\"@type\":\"ListItem\",\"position\":2,\"name\":\"Samedi 25 septembre 2021 de 15h \\u00e0 19h \/ Mondes paysans, marchandisation du vivant et r\\u00e9sistances : Vers une autonomie paysanne et alimentaire ?\"}]},{\"@type\":\"Person\",\"@id\":\"https:\/\/www.universitebiencommun.org\/#\/schema\/person\/dfde888edb2141ab622a85ec8fe75287\",\"name\":\"admin\",\"image\":{\"@type\":\"ImageObject\",\"@id\":\"https:\/\/www.universitebiencommun.org\/#personlogo\",\"inLanguage\":\"fr-FR\",\"url\":\"https:\/\/secure.gravatar.com\/avatar\/35fc1b65fbe658de2fc425f9ac8f8c12?s=96&d=mm&r=g\",\"contentUrl\":\"https:\/\/secure.gravatar.com\/avatar\/35fc1b65fbe658de2fc425f9ac8f8c12?s=96&d=mm&r=g\",\"caption\":\"admin\"},\"url\":\"https:\/\/www.universitebiencommun.org\/?author=1\"}]}<\/script>\n<!-- \/ Yoast SEO plugin. -->","yoast_head_json":{"title":"Samedi 25 septembre 2021 de 15h \u00e0 19h \/ Mondes paysans, marchandisation du vivant et r\u00e9sistances : Vers une autonomie paysanne et alimentaire ? -","robots":{"index":"index","follow":"follow","max-snippet":"max-snippet:-1","max-image-preview":"max-image-preview:large","max-video-preview":"max-video-preview:-1"},"canonical":"https:\/\/www.universitebiencommun.org\/?p=1267","og_locale":"fr_FR","og_type":"article","og_title":"Samedi 25 septembre 2021 de 15h \u00e0 19h \/ Mondes paysans, marchandisation du vivant et r\u00e9sistances : Vers une autonomie paysanne et alimentaire ? -","og_description":"Espace associatif et culturel du Campus Condorcet \u00e0 Aubervilliers (M\u00e9tro Front populaire &#8211; Ligne 12) Session initi\u00e9e et coordonn\u00e9e par Sciences Critiques dans le cadre des ateliers et d\u00e9bats de l\u2019Universit\u00e9 du Bien commun \u00e0 Paris, autour du livre-manifeste de l\u2019Atelier Paysan : Reprendre la terre aux machines (Editions de Seuil, Collection Anthropoc\u00e8ne, mai 2021) &hellip; Continuer la lecture de &laquo;&nbsp;Samedi 25 septembre 2021 de 15h \u00e0 19h \/ Mondes paysans, marchandisation du vivant et r\u00e9sistances : Vers une autonomie paysanne et alimentaire ?&nbsp;&raquo;","og_url":"https:\/\/www.universitebiencommun.org\/?p=1267","article_published_time":"2021-08-04T13:42:17+00:00","article_modified_time":"2021-08-04T13:42:25+00:00","twitter_card":"summary_large_image","twitter_misc":{"\u00c9crit par":"admin","Dur\u00e9e de lecture estim\u00e9e":"2 minutes"},"schema":{"@context":"https:\/\/schema.org","@graph":[{"@type":"WebSite","@id":"https:\/\/www.universitebiencommun.org\/#website","url":"https:\/\/www.universitebiencommun.org\/","name":"","description":"","potentialAction":[{"@type":"SearchAction","target":{"@type":"EntryPoint","urlTemplate":"https:\/\/www.universitebiencommun.org\/?s={search_term_string}"},"query-input":"required name=search_term_string"}],"inLanguage":"fr-FR"},{"@type":"WebPage","@id":"https:\/\/www.universitebiencommun.org\/?p=1267#webpage","url":"https:\/\/www.universitebiencommun.org\/?p=1267","name":"Samedi 25 septembre 2021 de 15h \u00e0 19h \/ Mondes paysans, marchandisation du vivant et r\u00e9sistances : Vers une autonomie paysanne et alimentaire ? -","isPartOf":{"@id":"https:\/\/www.universitebiencommun.org\/#website"},"datePublished":"2021-08-04T13:42:17+00:00","dateModified":"2021-08-04T13:42:25+00:00","author":{"@id":"https:\/\/www.universitebiencommun.org\/#\/schema\/person\/dfde888edb2141ab622a85ec8fe75287"},"breadcrumb":{"@id":"https:\/\/www.universitebiencommun.org\/?p=1267#breadcrumb"},"inLanguage":"fr-FR","potentialAction":[{"@type":"ReadAction","target":["https:\/\/www.universitebiencommun.org\/?p=1267"]}]},{"@type":"BreadcrumbList","@id":"https:\/\/www.universitebiencommun.org\/?p=1267#breadcrumb","itemListElement":[{"@type":"ListItem","position":1,"name":"Accueil","item":"https:\/\/www.universitebiencommun.org\/"},{"@type":"ListItem","position":2,"name":"Samedi 25 septembre 2021 de 15h \u00e0 19h \/ Mondes paysans, marchandisation du vivant et r\u00e9sistances : Vers une autonomie paysanne et alimentaire ?"}]},{"@type":"Person","@id":"https:\/\/www.universitebiencommun.org\/#\/schema\/person\/dfde888edb2141ab622a85ec8fe75287","name":"admin","image":{"@type":"ImageObject","@id":"https:\/\/www.universitebiencommun.org\/#personlogo","inLanguage":"fr-FR","url":"https:\/\/secure.gravatar.com\/avatar\/35fc1b65fbe658de2fc425f9ac8f8c12?s=96&d=mm&r=g","contentUrl":"https:\/\/secure.gravatar.com\/avatar\/35fc1b65fbe658de2fc425f9ac8f8c12?s=96&d=mm&r=g","caption":"admin"},"url":"https:\/\/www.universitebiencommun.org\/?author=1"}]}},"_links":{"self":[{"href":"https:\/\/www.universitebiencommun.org\/index.php?rest_route=\/wp\/v2\/posts\/1267"}],"collection":[{"href":"https:\/\/www.universitebiencommun.org\/index.php?rest_route=\/wp\/v2\/posts"}],"about":[{"href":"https:\/\/www.universitebiencommun.org\/index.php?rest_route=\/wp\/v2\/types\/post"}],"author":[{"embeddable":true,"href":"https:\/\/www.universitebiencommun.org\/index.php?rest_route=\/wp\/v2\/users\/1"}],"replies":[{"embeddable":true,"href":"https:\/\/www.universitebiencommun.org\/index.php?rest_route=%2Fwp%2Fv2%2Fcomments&post=1267"}],"version-history":[{"count":1,"href":"https:\/\/www.universitebiencommun.org\/index.php?rest_route=\/wp\/v2\/posts\/1267\/revisions"}],"predecessor-version":[{"id":1268,"href":"https:\/\/www.universitebiencommun.org\/index.php?rest_route=\/wp\/v2\/posts\/1267\/revisions\/1268"}],"wp:attachment":[{"href":"https:\/\/www.universitebiencommun.org\/index.php?rest_route=%2Fwp%2Fv2%2Fmedia&parent=1267"}],"wp:term":[{"taxonomy":"category","embeddable":true,"href":"https:\/\/www.universitebiencommun.org\/index.php?rest_route=%2Fwp%2Fv2%2Fcategories&post=1267"},{"taxonomy":"post_tag","embeddable":true,"href":"https:\/\/www.universitebiencommun.org\/index.php?rest_route=%2Fwp%2Fv2%2Ftags&post=1267"}],"curies":[{"name":"wp","href":"https:\/\/api.w.org\/{rel}","templated":true}]}}