{"id":1511,"date":"2021-11-26T09:46:24","date_gmt":"2021-11-26T09:46:24","guid":{"rendered":"https:\/\/www.universitebiencommun.org\/?p=1511"},"modified":"2021-11-26T11:19:43","modified_gmt":"2021-11-26T11:19:43","slug":"liberons-leau-de-la-bourse","status":"publish","type":"post","link":"https:\/\/www.universitebiencommun.org\/?p=1511","title":{"rendered":"Lib\u00e9rons l&rsquo;eau de la Bourse!"},"content":{"rendered":"\t\t<div data-elementor-type=\"wp-post\" data-elementor-id=\"1511\" class=\"elementor elementor-1511\" data-elementor-settings=\"[]\">\n\t\t\t\t\t\t<div class=\"elementor-inner\">\n\t\t\t\t\t\t\t<div class=\"elementor-section-wrap\">\n\t\t\t\t\t\t\t<section class=\"elementor-section elementor-top-section elementor-element elementor-element-1e094eb7 elementor-section-boxed elementor-section-height-default elementor-section-height-default\" data-id=\"1e094eb7\" data-element_type=\"section\">\n\t\t\t\t\t\t<div class=\"elementor-container elementor-column-gap-default\">\n\t\t\t\t\t\t\t<div class=\"elementor-row\">\n\t\t\t\t\t<div class=\"elementor-column elementor-col-100 elementor-top-column elementor-element elementor-element-7f743061\" data-id=\"7f743061\" data-element_type=\"column\">\n\t\t\t<div class=\"elementor-column-wrap elementor-element-populated\">\n\t\t\t\t\t\t\t<div class=\"elementor-widget-wrap\">\n\t\t\t\t\t\t<div class=\"elementor-element elementor-element-7683d91c elementor-widget elementor-widget-text-editor\" data-id=\"7683d91c\" data-element_type=\"widget\" data-widget_type=\"text-editor.default\">\n\t\t\t\t<div class=\"elementor-widget-container\">\n\t\t\t\t\t\t\t\t<div class=\"elementor-text-editor elementor-clearfix\">\n\t\t\t\t<p><!-- wp:paragraph --><\/p>\n<p><!-- \/wp:paragraph --><\/p>\n<p><!-- wp:paragraph {\"textColor\":\"pale-cyan-blue\",\"fontSize\":\"huge\"} --><\/p>\n<p class=\"has-pale-cyan-blue-color has-text-color has-huge-font-size\"><strong>&nbsp;<\/strong><\/p>\n<p><!-- \/wp:paragraph --><\/p>\n<p><!-- wp:paragraph {\"style\":{\"typography\":{\"fontSize\":1}}} --><\/p>\n<p style=\"font-size: 1px;\"><strong>Tournant historique&nbsp;: le 7 d\u00e9cembre 2020, l\u2019eau, source de toute vie<\/strong>,<strong> est devenue<\/strong> officiellement <strong>une valeur cot\u00e9e en bourse aux Etats-Unis, <\/strong>dansl\u2019indiff\u00e9rence des gouvernements. Un an apr\u00e8s, et un mois apr\u00e8s l\u2019ouverture de la COP 26, un<strong> rassemblement est pr\u00e9vu le 7 d\u00e9cembre entre 18h30 et 20h place de la Bourse, \u00e0 Paris. Et ailleurs<\/strong><em>.<\/em><\/p>\n<p><!-- \/wp:paragraph --><\/p>\n<p><!-- wp:paragraph {\"dropCap\":true} --><\/p>\n<p class=\"has-drop-cap\"><strong>T<\/strong><em><strong>ournant historique&nbsp;: le 7 d\u00e9cembre 2020, l\u2019eau, source de toute vie<\/strong>,<strong> est devenue<\/strong> officiellement <strong>une valeur cot\u00e9e en bourse aux Etats-Unis, <\/strong>dansl\u2019indiff\u00e9rence des gouvernements. Un an apr\u00e8s, et un mois apr\u00e8s l\u2019ouverture de la COP 26, un<strong> rassemblement est pr\u00e9vu le 7 d\u00e9cembre entre 18h30 et 20h place de la Bourse, \u00e0 Paris. Et ailleurs<\/strong>.<\/em><\/p>\n<p><!-- \/wp:paragraph --><\/p>\n<p><!-- wp:paragraph --><\/p>\n<p><!-- \/wp:paragraph --><\/p>\n<p><!-- wp:paragraph {\"style\":{\"typography\":{\"fontSize\":28}}} --><\/p>\n<p style=\"font-size: 28px;\">L\u2019\u00c9tat des lieux<\/p>\n<p><!-- \/wp:paragraph --><\/p>\n<p><!-- wp:paragraph --><\/p>\n<p>Il y a un an, le 7 d\u00e9cembre 2020, l\u2019eau entrait en bourse \u00e0 Chicago. La soif d\u2019eau du monde vivant a c\u00e9d\u00e9 la place \u00e0 la soif d\u2019appropriation et de profit du monde financier.<\/p>\n<p><!-- \/wp:paragraph --><\/p>\n<p><!-- wp:paragraph --><\/p>\n<p>L\u2019eau de bonne qualit\u00e9 pour les usages humains est de plus en plus rare et c\u2019est d\u00e9sormais irr\u00e9versible. Cette p\u00e9nurie pousse les dominants du monde, au plan local et \u00ab&nbsp;national&nbsp;\u00bb, \u00e0 accaparer \u00e0 leur profit les terres et les ressources hydriques \u00e0 travers le monde, au motif de leur s\u00e9curisation et du d\u00e9veloppement durable. Un bien commun, essentiel \u00e0 la vie et irrempla\u00e7able, est devenue une marchandise destin\u00e9e au seul profit financier.<\/p>\n<p><!-- \/wp:paragraph --><\/p>\n<p><!-- wp:paragraph --><\/p>\n<p>L\u2019eau propre aux usages humains est confisqu\u00e9e par les&nbsp; pr\u00e9l\u00e8vements excessifs (en France, 50&nbsp;% de l\u2019eau pr\u00e9lev\u00e9e est destin\u00e9e aux centrales nucl\u00e9aires), la pollution et la contamination (un tiers des eaux souterraines en France), les activit\u00e9s mini\u00e8res, la d\u00e9forestation et la d\u00e9gradation des sols, la v\u00e9tust\u00e9 des grands barrages et des \u00e9quipements de distribution&#8230;<\/p>\n<p><!-- \/wp:paragraph --><\/p>\n<p><!-- wp:paragraph --><\/p>\n<p>L\u2019objectif fix\u00e9 depuis l\u2019an 2000 par l\u2019ONU de \u00ab&nbsp;<em>Ne laisser personne de cot\u00e9&nbsp;<\/em>\u00bb est cyniquement ignor\u00e9 : plus de 2,1 milliards d\u2019\u00eatres humains sont encore sans eau potable en quantit\u00e9 suffisante, 4,2 milliards sans services sanitaires hygi\u00e9niques. Le concept m\u00eame de&nbsp;droit humain \u00e0 l\u2019eau, \u00e9gal pour tous, justiciable, a \u00e9t\u00e9 remplac\u00e9 par celui d\u2019acc\u00e8s \u00e0 l\u2019eau, \u00ab&nbsp;\u00e9quitable et \u00e0 prix abordable&nbsp;\u00bb, d\u00e9chargeant les Etats de leurs obligations morales, ouvrant la porte \u00e0 la privatisation, la concurrence, le profit, au m\u00e9pris de la sauvegarde du monde vivant. Les discours politiques tentant de justifier ces pratiques ont \u00e9radiqu\u00e9 les valeurs humaines, sociales, politiques, culturelles, spirituelles&nbsp;: la justice, l\u2019\u00e9galit\u00e9, la libert\u00e9, le partage, la gratuit\u00e9, la fraternit\u00e9, la responsabilit\u00e9&#8230;<\/p>\n<p><!-- \/wp:paragraph --><\/p>\n<p><!-- wp:paragraph --><\/p>\n<p>Le droit \u00e0 la vie est ainsi coup\u00e9 du concept de <strong>bien commun<\/strong> &#8211; concept par ailleurs sans cesse affich\u00e9 mais rarement expliqu\u00e9 par certains politiques, voire \u00e9conomistes et sociologues. Les pouvoirs publics ont souvent abdiqu\u00e9 la gouvernance des conditions de vie dans l\u2019int\u00e9r\u00eat commun, public, g\u00e9n\u00e9ral, livr\u00e9e par les Etats eux-m\u00eames \u00e0 des sujets mondiaux priv\u00e9s.<\/p>\n<p><!-- \/wp:paragraph --><\/p>\n<p><!-- wp:paragraph --><\/p>\n<p><strong>Cette absence d\u2019une politique mondiale publique des biens et services communs essentiels \u00e0 la vie constitue un des facteurs structurels cl\u00e9 de la croissance actuelle des in\u00e9galit\u00e9s,<\/strong> des injustices, des guerres et des privations de libert\u00e9s. La marchandisation et la privatisation de l\u2019eau n\u00e9cessaire \u00e0 la vie vont contre la paix, la justice et la libert\u00e9.<\/p>\n<p><!-- \/wp:paragraph --><\/p>\n<p><!-- wp:paragraph {\"style\":{\"typography\":{\"fontSize\":28}}} --><\/p>\n<p style=\"font-size: 28px;\">A rebours de l&rsquo;histoire<\/p>\n<p><!-- \/wp:paragraph --><\/p>\n<p><!-- wp:paragraph --><\/p>\n<p>Cette financiarisation va \u00e0 l&rsquo;encontre des attentes des citoyen.ne.s que l&rsquo;eau soit consid\u00e9r\u00e9e comme un bien commun. Elle va \u00e0 contrario du fort mouvement de retour \u00e0 la gestion publique de l&rsquo;eau, observable dans le monde et en France. Dans les prochaines ann\u00e9es, c&rsquo;est plus de trois millions d&rsquo;usagers qui vont passer d&rsquo;une gestion priv\u00e9e \u00e0 une gestion publique dans notre pays.<\/p>\n<p><!-- \/wp:paragraph --><\/p>\n<p><!-- wp:paragraph --><\/p>\n<p><strong>Pour mobiliser dans la dur\u00e9e sur ces enjeux cruciaux, organisations et citoyen.ne.s se rassembleront&nbsp; la m\u00eame journ\u00e9e dans le cadre de l\u2019initiative \u00ab&nbsp;Lib\u00e9rons l\u2019eau de la Bourse&nbsp;\u00bb de l\u2019Agora des habitants de la terre, en France,&nbsp; en Italie, en Belgique, au Chili, au Br\u00e9sil&nbsp; en Argentine\u2026 <\/strong><\/p>\n<p><!-- \/wp:paragraph --><\/p>\n<p><!-- wp:paragraph --><\/p>\n<p><!-- \/wp:paragraph --><\/p>\n<p><!-- wp:paragraph {\"style\":{\"typography\":{\"fontSize\":28}}} --><\/p>\n<p style=\"font-size: 28px;\">Actions&nbsp;en cours<\/p>\n<p><!-- \/wp:paragraph --><\/p>\n<p><!-- wp:paragraph {\"fontSize\":\"normal\"} --><\/p>\n<p class=\"has-normal-font-size\"><strong>En \u00cele-de-France<\/strong>, sous l&rsquo;impulsion de la Coordination EAU \u00cele-de-France, 18 villes de deux territoires du Grand Paris ont quitt\u00e9 le Syndicat des eaux d&rsquo;\u00cele-de-France (SEDIF) li\u00e9 \u00e0 Veolia depuis un si\u00e8cle, pour cr\u00e9er deux r\u00e9gies publiques territoriales. Dans le sud de la r\u00e9gion parisienne, plusieurs r\u00e9gies ont constitu\u00e9 ensemble un syndicat de production et visent r\u00e9cup\u00e9rer des usines de production d&rsquo;eau, que Suez s&rsquo;\u00e9tait appropri\u00e9es ind\u00fbment.<\/p>\n<p><!-- \/wp:paragraph --><\/p>\n<p><!-- wp:paragraph --><\/p>\n<p><strong>En France<\/strong>, l&rsquo;Assembl\u00e9e nationale a cr\u00e9\u00e9 le 11 f\u00e9vrier 2021 une Commission d\u2019enqu\u00eate relative \u00e0 la mainmise sur la ressource en eau par les int\u00e9r\u00eats priv\u00e9s et ses cons\u00e9quences, men\u00e9e sous la direction de Mathilde Panot. Son rapporteur Olivier Serva a publi\u00e9 le 21 juillet un constat accablant qui souligne la n\u00e9cessit\u00e9 de reconnaissance du caract\u00e8re inappropriable de l\u2019eau dans sa globalit\u00e9 et de son usage commun, ainsi que l\u2019obligation de conservation de la ressource en eau, impliquant le statut de bien commun.<\/p>\n<p><!-- \/wp:paragraph --><\/p>\n<p><!-- wp:paragraph --><\/p>\n<p>Les objectifs en vue ne sauraient concerner qu\u2019un seul pays. Un mouvement international s\u2019impose pour transformer la gestion de l\u2019eau au plan mondial.<\/p>\n<p><!-- \/wp:paragraph --><\/p>\n<p><!-- wp:paragraph --><\/p>\n<p><strong>L\u2019Agora des Habitants de la Terre<\/strong> d\u00e9finit trois grands axes d\u2019actions \u00e0 mener :<\/p>\n<p><!-- \/wp:paragraph --><\/p>\n<p><!-- wp:paragraph --><\/p>\n<p>Promouvoir la s\u00e9curit\u00e9 hydrique collective mondiale, en obtenant le retrait de l\u2019eau des transactions financi\u00e8res en Bourse et la cr\u00e9ation du Conseil citoyen de s\u00e9curit\u00e9 de l\u2019eau&nbsp;;<\/p>\n<p><!-- \/wp:paragraph --><\/p>\n<p><!-- wp:paragraph --><\/p>\n<p>Sauver le droit universel des humains \u00e0 l\u2019eau et promouvoir les droits&nbsp; de l\u2019eau, bien de la nature, par la sensibilisation et la mobilisation citoyennes pour une coop\u00e9ration entre gouvernements et parlements\/soci\u00e9t\u00e9 civile visant la d\u00e9finition de nouveaux droits et de nouvelles responsabilit\u00e9s&nbsp;;&nbsp;&nbsp;<\/p>\n<p><!-- \/wp:paragraph --><\/p>\n<p><!-- wp:paragraph --><\/p>\n<p>\u00c9tablir des r\u00e8gles et institutions mondiales permettant le gouvernement de l\u2019eau \u00ab&nbsp;res publica&nbsp;\u00bb, pour la vie, pour la sant\u00e9 des peuples et de tout le monde vivant&nbsp;: organiser en urgence un r\u00e9f\u00e9rendum mondial sur la reconnaissance de l\u2019eau bien commun mondial&nbsp;; cr\u00e9er un parlement mondial de l\u2019eau.<\/p>\n<p><!-- \/wp:paragraph --><\/p>\n<p><!-- wp:paragraph --><\/p>\n<p><em><strong>Universit\u00e9 du Bien Commun&nbsp;&nbsp;&nbsp;&nbsp;&nbsp;&nbsp;&nbsp; Coordination Eau-Ile-de-France&nbsp;&nbsp;&nbsp;&nbsp;&nbsp;&nbsp; Agora des habitants de la terre<\/strong><\/em><\/p>\n<p><!-- \/wp:paragraph --><\/p>\n<p><!-- wp:paragraph {\"dropCap\":true} --><\/p>\n<p class=\"has-drop-cap\">\n<\/p><p><!-- \/wp:paragraph --><\/p>\t\t\t\t\t<\/div>\n\t\t\t\t\t\t<\/div>\n\t\t\t\t<\/div>\n\t\t\t\t\t\t<\/div>\n\t\t\t\t\t<\/div>\n\t\t<\/div>\n\t\t\t\t\t\t\t\t<\/div>\n\t\t\t\t\t<\/div>\n\t\t<\/section>\n\t\t\t\t\t\t<\/div>\n\t\t\t\t\t\t<\/div>\n\t\t\t\t\t<\/div>\n\t\t","protected":false},"excerpt":{"rendered":"<p>&nbsp; Tournant historique&nbsp;: le 7 d\u00e9cembre 2020, l\u2019eau, source de toute vie, est devenue officiellement une valeur cot\u00e9e en bourse aux Etats-Unis, dansl\u2019indiff\u00e9rence des gouvernements. Un an apr\u00e8s, et un mois apr\u00e8s l\u2019ouverture de la COP 26, un rassemblement est pr\u00e9vu le 7 d\u00e9cembre entre 18h30 et 20h place de la Bourse, \u00e0 Paris. Et &hellip; <\/p>\n<p class=\"link-more\"><a href=\"https:\/\/www.universitebiencommun.org\/?p=1511\" class=\"more-link\">Continuer la lecture<span class=\"screen-reader-text\"> de &laquo;&nbsp;Lib\u00e9rons l&rsquo;eau de la Bourse!&nbsp;&raquo;<\/span><\/a><\/p>\n","protected":false},"author":1,"featured_media":0,"comment_status":"closed","ping_status":"open","sticky":false,"template":"","format":"standard","meta":{"_mo_disable_npp":""},"categories":[1],"tags":[17],"yoast_head":"<!-- This site is optimized with the Yoast SEO plugin v17.7.1 - https:\/\/yoast.com\/wordpress\/plugins\/seo\/ -->\n<title>Lib\u00e9rons l&#039;eau de la Bourse! -<\/title>\n<meta name=\"robots\" content=\"index, follow, max-snippet:-1, max-image-preview:large, max-video-preview:-1\" \/>\n<link rel=\"canonical\" href=\"https:\/\/www.universitebiencommun.org\/?p=1511\" \/>\n<meta property=\"og:locale\" content=\"fr_FR\" \/>\n<meta property=\"og:type\" content=\"article\" \/>\n<meta property=\"og:title\" content=\"Lib\u00e9rons l&#039;eau de la Bourse! -\" \/>\n<meta property=\"og:description\" content=\"&nbsp; Tournant historique&nbsp;: le 7 d\u00e9cembre 2020, l\u2019eau, source de toute vie, est devenue officiellement une valeur cot\u00e9e en bourse aux Etats-Unis, dansl\u2019indiff\u00e9rence des gouvernements. Un an apr\u00e8s, et un mois apr\u00e8s l\u2019ouverture de la COP 26, un rassemblement est pr\u00e9vu le 7 d\u00e9cembre entre 18h30 et 20h place de la Bourse, \u00e0 Paris. Et &hellip; Continuer la lecture de &laquo;&nbsp;Lib\u00e9rons l&rsquo;eau de la Bourse!&nbsp;&raquo;\" \/>\n<meta property=\"og:url\" content=\"https:\/\/www.universitebiencommun.org\/?p=1511\" \/>\n<meta property=\"article:published_time\" content=\"2021-11-26T09:46:24+00:00\" \/>\n<meta property=\"article:modified_time\" content=\"2021-11-26T11:19:43+00:00\" \/>\n<meta name=\"twitter:card\" content=\"summary_large_image\" \/>\n<meta name=\"twitter:label1\" content=\"\u00c9crit par\" \/>\n\t<meta name=\"twitter:data1\" content=\"admin\" \/>\n\t<meta name=\"twitter:label2\" content=\"Dur\u00e9e de lecture estim\u00e9e\" \/>\n\t<meta name=\"twitter:data2\" content=\"5 minutes\" \/>\n<script type=\"application\/ld+json\" class=\"yoast-schema-graph\">{\"@context\":\"https:\/\/schema.org\",\"@graph\":[{\"@type\":\"WebSite\",\"@id\":\"https:\/\/www.universitebiencommun.org\/#website\",\"url\":\"https:\/\/www.universitebiencommun.org\/\",\"name\":\"\",\"description\":\"\",\"potentialAction\":[{\"@type\":\"SearchAction\",\"target\":{\"@type\":\"EntryPoint\",\"urlTemplate\":\"https:\/\/www.universitebiencommun.org\/?s={search_term_string}\"},\"query-input\":\"required name=search_term_string\"}],\"inLanguage\":\"fr-FR\"},{\"@type\":\"WebPage\",\"@id\":\"https:\/\/www.universitebiencommun.org\/?p=1511#webpage\",\"url\":\"https:\/\/www.universitebiencommun.org\/?p=1511\",\"name\":\"Lib\\u00e9rons l'eau de la Bourse! -\",\"isPartOf\":{\"@id\":\"https:\/\/www.universitebiencommun.org\/#website\"},\"datePublished\":\"2021-11-26T09:46:24+00:00\",\"dateModified\":\"2021-11-26T11:19:43+00:00\",\"author\":{\"@id\":\"https:\/\/www.universitebiencommun.org\/#\/schema\/person\/dfde888edb2141ab622a85ec8fe75287\"},\"breadcrumb\":{\"@id\":\"https:\/\/www.universitebiencommun.org\/?p=1511#breadcrumb\"},\"inLanguage\":\"fr-FR\",\"potentialAction\":[{\"@type\":\"ReadAction\",\"target\":[\"https:\/\/www.universitebiencommun.org\/?p=1511\"]}]},{\"@type\":\"BreadcrumbList\",\"@id\":\"https:\/\/www.universitebiencommun.org\/?p=1511#breadcrumb\",\"itemListElement\":[{\"@type\":\"ListItem\",\"position\":1,\"name\":\"Accueil\",\"item\":\"https:\/\/www.universitebiencommun.org\/\"},{\"@type\":\"ListItem\",\"position\":2,\"name\":\"Lib\\u00e9rons l&rsquo;eau de la Bourse!\"}]},{\"@type\":\"Person\",\"@id\":\"https:\/\/www.universitebiencommun.org\/#\/schema\/person\/dfde888edb2141ab622a85ec8fe75287\",\"name\":\"admin\",\"image\":{\"@type\":\"ImageObject\",\"@id\":\"https:\/\/www.universitebiencommun.org\/#personlogo\",\"inLanguage\":\"fr-FR\",\"url\":\"https:\/\/secure.gravatar.com\/avatar\/35fc1b65fbe658de2fc425f9ac8f8c12?s=96&d=mm&r=g\",\"contentUrl\":\"https:\/\/secure.gravatar.com\/avatar\/35fc1b65fbe658de2fc425f9ac8f8c12?s=96&d=mm&r=g\",\"caption\":\"admin\"},\"url\":\"https:\/\/www.universitebiencommun.org\/?author=1\"}]}<\/script>\n<!-- \/ Yoast SEO plugin. -->","yoast_head_json":{"title":"Lib\u00e9rons l'eau de la Bourse! -","robots":{"index":"index","follow":"follow","max-snippet":"max-snippet:-1","max-image-preview":"max-image-preview:large","max-video-preview":"max-video-preview:-1"},"canonical":"https:\/\/www.universitebiencommun.org\/?p=1511","og_locale":"fr_FR","og_type":"article","og_title":"Lib\u00e9rons l'eau de la Bourse! -","og_description":"&nbsp; Tournant historique&nbsp;: le 7 d\u00e9cembre 2020, l\u2019eau, source de toute vie, est devenue officiellement une valeur cot\u00e9e en bourse aux Etats-Unis, dansl\u2019indiff\u00e9rence des gouvernements. Un an apr\u00e8s, et un mois apr\u00e8s l\u2019ouverture de la COP 26, un rassemblement est pr\u00e9vu le 7 d\u00e9cembre entre 18h30 et 20h place de la Bourse, \u00e0 Paris. Et &hellip; Continuer la lecture de &laquo;&nbsp;Lib\u00e9rons l&rsquo;eau de la Bourse!&nbsp;&raquo;","og_url":"https:\/\/www.universitebiencommun.org\/?p=1511","article_published_time":"2021-11-26T09:46:24+00:00","article_modified_time":"2021-11-26T11:19:43+00:00","twitter_card":"summary_large_image","twitter_misc":{"\u00c9crit par":"admin","Dur\u00e9e de lecture estim\u00e9e":"5 minutes"},"schema":{"@context":"https:\/\/schema.org","@graph":[{"@type":"WebSite","@id":"https:\/\/www.universitebiencommun.org\/#website","url":"https:\/\/www.universitebiencommun.org\/","name":"","description":"","potentialAction":[{"@type":"SearchAction","target":{"@type":"EntryPoint","urlTemplate":"https:\/\/www.universitebiencommun.org\/?s={search_term_string}"},"query-input":"required name=search_term_string"}],"inLanguage":"fr-FR"},{"@type":"WebPage","@id":"https:\/\/www.universitebiencommun.org\/?p=1511#webpage","url":"https:\/\/www.universitebiencommun.org\/?p=1511","name":"Lib\u00e9rons l'eau de la Bourse! -","isPartOf":{"@id":"https:\/\/www.universitebiencommun.org\/#website"},"datePublished":"2021-11-26T09:46:24+00:00","dateModified":"2021-11-26T11:19:43+00:00","author":{"@id":"https:\/\/www.universitebiencommun.org\/#\/schema\/person\/dfde888edb2141ab622a85ec8fe75287"},"breadcrumb":{"@id":"https:\/\/www.universitebiencommun.org\/?p=1511#breadcrumb"},"inLanguage":"fr-FR","potentialAction":[{"@type":"ReadAction","target":["https:\/\/www.universitebiencommun.org\/?p=1511"]}]},{"@type":"BreadcrumbList","@id":"https:\/\/www.universitebiencommun.org\/?p=1511#breadcrumb","itemListElement":[{"@type":"ListItem","position":1,"name":"Accueil","item":"https:\/\/www.universitebiencommun.org\/"},{"@type":"ListItem","position":2,"name":"Lib\u00e9rons l&rsquo;eau de la Bourse!"}]},{"@type":"Person","@id":"https:\/\/www.universitebiencommun.org\/#\/schema\/person\/dfde888edb2141ab622a85ec8fe75287","name":"admin","image":{"@type":"ImageObject","@id":"https:\/\/www.universitebiencommun.org\/#personlogo","inLanguage":"fr-FR","url":"https:\/\/secure.gravatar.com\/avatar\/35fc1b65fbe658de2fc425f9ac8f8c12?s=96&d=mm&r=g","contentUrl":"https:\/\/secure.gravatar.com\/avatar\/35fc1b65fbe658de2fc425f9ac8f8c12?s=96&d=mm&r=g","caption":"admin"},"url":"https:\/\/www.universitebiencommun.org\/?author=1"}]}},"_links":{"self":[{"href":"https:\/\/www.universitebiencommun.org\/index.php?rest_route=\/wp\/v2\/posts\/1511"}],"collection":[{"href":"https:\/\/www.universitebiencommun.org\/index.php?rest_route=\/wp\/v2\/posts"}],"about":[{"href":"https:\/\/www.universitebiencommun.org\/index.php?rest_route=\/wp\/v2\/types\/post"}],"author":[{"embeddable":true,"href":"https:\/\/www.universitebiencommun.org\/index.php?rest_route=\/wp\/v2\/users\/1"}],"replies":[{"embeddable":true,"href":"https:\/\/www.universitebiencommun.org\/index.php?rest_route=%2Fwp%2Fv2%2Fcomments&post=1511"}],"version-history":[{"count":16,"href":"https:\/\/www.universitebiencommun.org\/index.php?rest_route=\/wp\/v2\/posts\/1511\/revisions"}],"predecessor-version":[{"id":1532,"href":"https:\/\/www.universitebiencommun.org\/index.php?rest_route=\/wp\/v2\/posts\/1511\/revisions\/1532"}],"wp:attachment":[{"href":"https:\/\/www.universitebiencommun.org\/index.php?rest_route=%2Fwp%2Fv2%2Fmedia&parent=1511"}],"wp:term":[{"taxonomy":"category","embeddable":true,"href":"https:\/\/www.universitebiencommun.org\/index.php?rest_route=%2Fwp%2Fv2%2Fcategories&post=1511"},{"taxonomy":"post_tag","embeddable":true,"href":"https:\/\/www.universitebiencommun.org\/index.php?rest_route=%2Fwp%2Fv2%2Ftags&post=1511"}],"curies":[{"name":"wp","href":"https:\/\/api.w.org\/{rel}","templated":true}]}}